{"id":121,"date":"2019-02-28T23:50:36","date_gmt":"2019-02-28T22:50:36","guid":{"rendered":"http:\/\/tofkoce.cluster029.hosting.ovh.net\/?p=121"},"modified":"2020-11-04T21:20:00","modified_gmt":"2020-11-04T20:20:00","slug":"2eme-premiere-rencontre-simones-cafe","status":"publish","type":"post","link":"http:\/\/www.zerodechetvienne.fr\/index.php\/2019\/02\/28\/2eme-premiere-rencontre-simones-cafe\/","title":{"rendered":"2019-02-28 | 2\u00e8me Premi\u00e8re rencontre Simone&#8217;s caf\u00e9"},"content":{"rendered":"\n<p> Pr\u00e9sentation du groupe local ZD aux personnes n&#8217;ayant pas pu avoir de place \u00e0 la 1\u00e8re rencontre en vue de f\u00e9d\u00e9rer un groupe autour de ce projet <\/p>\n","protected":false},"excerpt":{"rendered":"<p>Pr\u00e9sentation du groupe local ZD aux personnes n&#8217;ayant pas pu avoir de place \u00e0 la 1\u00e8re rencontre en vue de f\u00e9d\u00e9rer un groupe autour de ce projet<\/p>\n","protected":false},"author":1,"featured_media":0,"comment_status":"open","ping_status":"open","sticky":false,"template":"","format":"standard","meta":{"_EventAllDay":false,"_EventTimezone":"","_EventStartDate":"","_EventEndDate":"","_EventStartDateUTC":"","_EventEndDateUTC":"","_EventShowMap":false,"_EventShowMapLink":false,"_EventURL":"","_EventCost":"","_EventCostDescription":"","_EventCurrencySymbol":"","_EventCurrencyCode":"","_EventCurrencyPosition":"","_EventDateTimeSeparator":"","_EventTimeRangeSeparator":"","_EventOrganizerID":[],"_EventVenueID":0,"_OrganizerEmail":"","_OrganizerPhone":"","_OrganizerWebsite":"","_VenueAddress":"","_VenueCity":"","_VenueCountry":"","_VenueProvince":"","_VenueZip":"","_VenuePhone":"","_VenueURL":"","_VenueStateProvince":"","_VenueLat":"","_VenueLng":""},"categories":[7],"tags":[],"_links":{"self":[{"href":"http:\/\/www.zerodechetvienne.fr\/index.php\/wp-json\/wp\/v2\/posts\/121"}],"collection":[{"href":"http:\/\/www.zerodechetvienne.fr\/index.php\/wp-json\/wp\/v2\/posts"}],"about":[{"href":"http:\/\/www.zerodechetvienne.fr\/index.php\/wp-json\/wp\/v2\/types\/post"}],"author":[{"embeddable":true,"href":"http:\/\/www.zerodechetvienne.fr\/index.php\/wp-json\/wp\/v2\/users\/1"}],"replies":[{"embeddable":true,"href":"http:\/\/www.zerodechetvienne.fr\/index.php\/wp-json\/wp\/v2\/comments?post=121"}],"version-history":[{"count":2,"href":"http:\/\/www.zerodechetvienne.fr\/index.php\/wp-json\/wp\/v2\/posts\/121\/revisions"}],"predecessor-version":[{"id":625,"href":"http:\/\/www.zerodechetvienne.fr\/index.php\/wp-json\/wp\/v2\/posts\/121\/revisions\/625"}],"wp:attachment":[{"href":"http:\/\/www.zerodechetvienne.fr\/index.php\/wp-json\/wp\/v2\/media?parent=121"}],"wp:term":[{"taxonomy":"category","embeddable":true,"href":"http:\/\/www.zerodechetvienne.fr\/index.php\/wp-json\/wp\/v2\/categories?post=121"},{"taxonomy":"post_tag","embeddable":true,"href":"http:\/\/www.zerodechetvienne.fr\/index.php\/wp-json\/wp\/v2\/tags?post=121"}],"curies":[{"name":"wp","href":"https:\/\/api.w.org\/{rel}","templated":true}]}}