{"id":152,"date":"2019-06-07T00:57:33","date_gmt":"2019-06-06T22:57:33","guid":{"rendered":"http:\/\/tofkoce.cluster029.hosting.ovh.net\/?p=152"},"modified":"2020-11-08T19:40:37","modified_gmt":"2020-11-08T18:40:37","slug":"entreprise-adisseo","status":"publish","type":"post","link":"http:\/\/www.zerodechetvienne.fr\/index.php\/2019\/06\/07\/entreprise-adisseo\/","title":{"rendered":"2019-06 | Interventions Entreprise ADISSEO &#8211; St Clair du Rh\u00f4ne et Roussillon (38)"},"content":{"rendered":"\n<p>Deux interventions, les 3 et 7 juin 2019, respectivement sur les sites de Roussillon et St Clair du Rh\u00f4ne, aupr\u00e8s des salari\u00e9s de l&#8217;entreprise Adisseo, avec la tenue d&#8217;un stand de sensibilisation et d&#8217;un ATELIER fabrication de lessive.<\/p>\n\n\n\n<figure class=\"wp-block-image size-large\"><img loading=\"lazy\" width=\"1024\" height=\"768\" src=\"http:\/\/tofkoce.cluster029.hosting.ovh.net\/wp-content\/uploads\/2019\/06\/stand-adisseo-1024x768.jpeg\" alt=\"\" class=\"wp-image-708\" srcset=\"http:\/\/www.zerodechetvienne.fr\/wp-content\/uploads\/2019\/06\/stand-adisseo-1024x768.jpeg 1024w, http:\/\/www.zerodechetvienne.fr\/wp-content\/uploads\/2019\/06\/stand-adisseo-300x225.jpeg 300w, http:\/\/www.zerodechetvienne.fr\/wp-content\/uploads\/2019\/06\/stand-adisseo-768x576.jpeg 768w, http:\/\/www.zerodechetvienne.fr\/wp-content\/uploads\/2019\/06\/stand-adisseo.jpeg 1632w\" sizes=\"(max-width: 1024px) 100vw, 1024px\" \/><\/figure>\n","protected":false},"excerpt":{"rendered":"<p>Deux interventions, les 3 et 7 juin 2019, respectivement sur les sites de Roussillon et St Clair du Rh\u00f4ne, aupr\u00e8s des salari\u00e9s de l&#8217;entreprise Adisseo, avec la tenue d&#8217;un stand de sensibilisation et d&#8217;un ATELIER fabrication de lessive.<\/p>\n","protected":false},"author":1,"featured_media":0,"comment_status":"open","ping_status":"open","sticky":false,"template":"","format":"standard","meta":{"_EventAllDay":false,"_EventTimezone":"","_EventStartDate":"","_EventEndDate":"","_EventStartDateUTC":"","_EventEndDateUTC":"","_EventShowMap":false,"_EventShowMapLink":false,"_EventURL":"","_EventCost":"","_EventCostDescription":"","_EventCurrencySymbol":"","_EventCurrencyCode":"","_EventCurrencyPosition":"","_EventDateTimeSeparator":"","_EventTimeRangeSeparator":"","_EventOrganizerID":[],"_EventVenueID":0,"_OrganizerEmail":"","_OrganizerPhone":"","_OrganizerWebsite":"","_VenueAddress":"","_VenueCity":"","_VenueCountry":"","_VenueProvince":"","_VenueZip":"","_VenuePhone":"","_VenueURL":"","_VenueStateProvince":"","_VenueLat":"","_VenueLng":""},"categories":[7],"tags":[],"_links":{"self":[{"href":"http:\/\/www.zerodechetvienne.fr\/index.php\/wp-json\/wp\/v2\/posts\/152"}],"collection":[{"href":"http:\/\/www.zerodechetvienne.fr\/index.php\/wp-json\/wp\/v2\/posts"}],"about":[{"href":"http:\/\/www.zerodechetvienne.fr\/index.php\/wp-json\/wp\/v2\/types\/post"}],"author":[{"embeddable":true,"href":"http:\/\/www.zerodechetvienne.fr\/index.php\/wp-json\/wp\/v2\/users\/1"}],"replies":[{"embeddable":true,"href":"http:\/\/www.zerodechetvienne.fr\/index.php\/wp-json\/wp\/v2\/comments?post=152"}],"version-history":[{"count":2,"href":"http:\/\/www.zerodechetvienne.fr\/index.php\/wp-json\/wp\/v2\/posts\/152\/revisions"}],"predecessor-version":[{"id":709,"href":"http:\/\/www.zerodechetvienne.fr\/index.php\/wp-json\/wp\/v2\/posts\/152\/revisions\/709"}],"wp:attachment":[{"href":"http:\/\/www.zerodechetvienne.fr\/index.php\/wp-json\/wp\/v2\/media?parent=152"}],"wp:term":[{"taxonomy":"category","embeddable":true,"href":"http:\/\/www.zerodechetvienne.fr\/index.php\/wp-json\/wp\/v2\/categories?post=152"},{"taxonomy":"post_tag","embeddable":true,"href":"http:\/\/www.zerodechetvienne.fr\/index.php\/wp-json\/wp\/v2\/tags?post=152"}],"curies":[{"name":"wp","href":"https:\/\/api.w.org\/{rel}","templated":true}]}}