{"id":154,"date":"2019-07-27T11:01:37","date_gmt":"2019-07-27T09:01:37","guid":{"rendered":"http:\/\/tofkoce.cluster029.hosting.ovh.net\/?p=154"},"modified":"2020-11-08T19:56:25","modified_gmt":"2020-11-08T18:56:25","slug":"stand-sensibilisation-aire-dautoroute-vinci","status":"publish","type":"post","link":"http:\/\/www.zerodechetvienne.fr\/index.php\/2019\/07\/27\/stand-sensibilisation-aire-dautoroute-vinci\/","title":{"rendered":"2019-07-27 | STAND sensibilisation &#8211; Aire d&#8217;autoroute VINCI &#8211; St Rambert (26)"},"content":{"rendered":"\n<p>Tenue d&#8217;un stand de sensibilisation au ZD sur l&#8217;aire d&#8217;Autoroute de l&#8217;A7 de St Rambert Ouest sur toute la journ\u00e9e, dans le cadre d&#8217;un \u00e9v\u00e8nement VINCI Autoroutes.<\/p>\n\n\n\n<figure class=\"wp-block-image size-large\"><img src=\"http:\/\/tofkoce.cluster029.hosting.ovh.net\/wp-content\/uploads\/2019\/07\/2019-07-27-Vinci-autoroute-stand-2-1024x576.jpg\" alt=\"\" class=\"wp-image-715\"\/><\/figure>\n\n\n\n<figure class=\"wp-block-image size-large\"><img src=\"http:\/\/tofkoce.cluster029.hosting.ovh.net\/wp-content\/uploads\/2019\/07\/2019-07-27-Vinci-autoroute-stand-1-1024x576.jpg\" alt=\"\" class=\"wp-image-714\"\/><\/figure>\n","protected":false},"excerpt":{"rendered":"<p>Tenue d&#8217;un stand de sensibilisation au ZD sur l&#8217;aire d&#8217;Autoroute de l&#8217;A7 de St Rambert Ouest sur toute la journ\u00e9e, dans le cadre d&#8217;un \u00e9v\u00e8nement VINCI Autoroutes.<\/p>\n","protected":false},"author":1,"featured_media":0,"comment_status":"open","ping_status":"open","sticky":false,"template":"","format":"standard","meta":{"_EventAllDay":false,"_EventTimezone":"","_EventStartDate":"","_EventEndDate":"","_EventStartDateUTC":"","_EventEndDateUTC":"","_EventShowMap":false,"_EventShowMapLink":false,"_EventURL":"","_EventCost":"","_EventCostDescription":"","_EventCurrencySymbol":"","_EventCurrencyCode":"","_EventCurrencyPosition":"","_EventDateTimeSeparator":"","_EventTimeRangeSeparator":"","_EventOrganizerID":[],"_EventVenueID":0,"_OrganizerEmail":"","_OrganizerPhone":"","_OrganizerWebsite":"","_VenueAddress":"","_VenueCity":"","_VenueCountry":"","_VenueProvince":"","_VenueZip":"","_VenuePhone":"","_VenueURL":"","_VenueStateProvince":"","_VenueLat":"","_VenueLng":""},"categories":[7],"tags":[],"_links":{"self":[{"href":"http:\/\/www.zerodechetvienne.fr\/index.php\/wp-json\/wp\/v2\/posts\/154"}],"collection":[{"href":"http:\/\/www.zerodechetvienne.fr\/index.php\/wp-json\/wp\/v2\/posts"}],"about":[{"href":"http:\/\/www.zerodechetvienne.fr\/index.php\/wp-json\/wp\/v2\/types\/post"}],"author":[{"embeddable":true,"href":"http:\/\/www.zerodechetvienne.fr\/index.php\/wp-json\/wp\/v2\/users\/1"}],"replies":[{"embeddable":true,"href":"http:\/\/www.zerodechetvienne.fr\/index.php\/wp-json\/wp\/v2\/comments?post=154"}],"version-history":[{"count":3,"href":"http:\/\/www.zerodechetvienne.fr\/index.php\/wp-json\/wp\/v2\/posts\/154\/revisions"}],"predecessor-version":[{"id":716,"href":"http:\/\/www.zerodechetvienne.fr\/index.php\/wp-json\/wp\/v2\/posts\/154\/revisions\/716"}],"wp:attachment":[{"href":"http:\/\/www.zerodechetvienne.fr\/index.php\/wp-json\/wp\/v2\/media?parent=154"}],"wp:term":[{"taxonomy":"category","embeddable":true,"href":"http:\/\/www.zerodechetvienne.fr\/index.php\/wp-json\/wp\/v2\/categories?post=154"},{"taxonomy":"post_tag","embeddable":true,"href":"http:\/\/www.zerodechetvienne.fr\/index.php\/wp-json\/wp\/v2\/tags?post=154"}],"curies":[{"name":"wp","href":"https:\/\/api.w.org\/{rel}","templated":true}]}}