{"id":167,"date":"2019-09-21T11:26:36","date_gmt":"2019-09-21T09:26:36","guid":{"rendered":"http:\/\/tofkoce.cluster029.hosting.ovh.net\/?p=167"},"modified":"2020-11-08T20:31:37","modified_gmt":"2020-11-08T19:31:37","slug":"apero-debat-mjc-de-vienne-le-23-septembre","status":"publish","type":"post","link":"http:\/\/www.zerodechetvienne.fr\/index.php\/2019\/09\/21\/apero-debat-mjc-de-vienne-le-23-septembre\/","title":{"rendered":"2019-09-23 | APERO d\u00e9bat &#8211; MJC de Vienne (38)"},"content":{"rendered":"\n<p>Ap\u00e9ro-d\u00e9bat sur les d\u00e9chets et la n\u00e9cessaire r\u00e9duction des d\u00e9chets dans nos vies. Rejoignez-nous \u00e0 la MJC de Vienne pour \u00e9changer et d\u00e9battre avec ensemble.<\/p>\n\n\n\n<figure class=\"wp-block-image size-large\"><img src=\"http:\/\/tofkoce.cluster029.hosting.ovh.net\/wp-content\/uploads\/2020\/11\/2019-09-23-Ap\u00e9ro-d\u00e9bat-MJC.jpg\" alt=\"\" class=\"wp-image-728\"\/><\/figure>\n","protected":false},"excerpt":{"rendered":"<p>Ap\u00e9ro-d\u00e9bat sur les d\u00e9chets et la n\u00e9cessaire r\u00e9duction des d\u00e9chets dans nos vies. Rejoignez-nous \u00e0 la MJC de Vienne pour \u00e9changer et d\u00e9battre avec ensemble.<\/p>\n","protected":false},"author":1,"featured_media":0,"comment_status":"open","ping_status":"open","sticky":false,"template":"","format":"standard","meta":{"_EventAllDay":false,"_EventTimezone":"","_EventStartDate":"","_EventEndDate":"","_EventStartDateUTC":"","_EventEndDateUTC":"","_EventShowMap":false,"_EventShowMapLink":false,"_EventURL":"","_EventCost":"","_EventCostDescription":"","_EventCurrencySymbol":"","_EventCurrencyCode":"","_EventCurrencyPosition":"","_EventDateTimeSeparator":"","_EventTimeRangeSeparator":"","_EventOrganizerID":[],"_EventVenueID":0,"_OrganizerEmail":"","_OrganizerPhone":"","_OrganizerWebsite":"","_VenueAddress":"","_VenueCity":"","_VenueCountry":"","_VenueProvince":"","_VenueZip":"","_VenuePhone":"","_VenueURL":"","_VenueStateProvince":"","_VenueLat":"","_VenueLng":""},"categories":[7],"tags":[],"_links":{"self":[{"href":"http:\/\/www.zerodechetvienne.fr\/index.php\/wp-json\/wp\/v2\/posts\/167"}],"collection":[{"href":"http:\/\/www.zerodechetvienne.fr\/index.php\/wp-json\/wp\/v2\/posts"}],"about":[{"href":"http:\/\/www.zerodechetvienne.fr\/index.php\/wp-json\/wp\/v2\/types\/post"}],"author":[{"embeddable":true,"href":"http:\/\/www.zerodechetvienne.fr\/index.php\/wp-json\/wp\/v2\/users\/1"}],"replies":[{"embeddable":true,"href":"http:\/\/www.zerodechetvienne.fr\/index.php\/wp-json\/wp\/v2\/comments?post=167"}],"version-history":[{"count":2,"href":"http:\/\/www.zerodechetvienne.fr\/index.php\/wp-json\/wp\/v2\/posts\/167\/revisions"}],"predecessor-version":[{"id":729,"href":"http:\/\/www.zerodechetvienne.fr\/index.php\/wp-json\/wp\/v2\/posts\/167\/revisions\/729"}],"wp:attachment":[{"href":"http:\/\/www.zerodechetvienne.fr\/index.php\/wp-json\/wp\/v2\/media?parent=167"}],"wp:term":[{"taxonomy":"category","embeddable":true,"href":"http:\/\/www.zerodechetvienne.fr\/index.php\/wp-json\/wp\/v2\/categories?post=167"},{"taxonomy":"post_tag","embeddable":true,"href":"http:\/\/www.zerodechetvienne.fr\/index.php\/wp-json\/wp\/v2\/tags?post=167"}],"curies":[{"name":"wp","href":"https:\/\/api.w.org\/{rel}","templated":true}]}}