{"id":3196,"date":"2026-03-03T16:51:01","date_gmt":"2026-03-03T15:51:01","guid":{"rendered":"http:\/\/www.zerodechetvienne.fr\/?p=3196"},"modified":"2026-03-03T16:51:30","modified_gmt":"2026-03-03T15:51:30","slug":"municipales-2026","status":"publish","type":"post","link":"http:\/\/www.zerodechetvienne.fr\/index.php\/2026\/03\/03\/municipales-2026\/","title":{"rendered":"Municipales 2026"},"content":{"rendered":"\n<p>\u00c0 l&#8217;occasion des \u00e9lections municipales 2026, notre association a \u0153uvr\u00e9 pour \u00e9laborer trois propositions \u00e0 soumette \u00e0 l&#8217;ensemble des candidats.<\/p>\n\n\n\n<p>#1 Mutualiser la vaisselle r\u00e9utilisable<br>#2 Augmenter le d\u00e9ploiement des d\u00e9chets alimentaires et de jardin<br>#3 Faire des \u00e9v\u00e8nements Z\u00e9ro D\u00e9chet<\/p>\n\n\n\n<div class=\"wp-container-1 wp-block-buttons\">\n<div class=\"wp-block-button\"><a class=\"wp-block-button__link has-background\" href=\"http:\/\/www.zerodechetvienne.fr\/wp-content\/uploads\/2026\/03\/Communique_Presse_Elections_Municipales_2026.pdf\" style=\"background-color:#0c7241\">Retrouvez l&#8217;ensemble de nos propositions<\/a><\/div>\n<\/div>\n\n\n\n<p><\/p>\n","protected":false},"excerpt":{"rendered":"<p>\u00c0 l&#8217;occasion des \u00e9lections municipales 2026, notre association a \u0153uvr\u00e9 pour \u00e9laborer trois propositions \u00e0 soumette \u00e0 l&#8217;ensemble des candidats. #1 Mutualiser la vaisselle r\u00e9utilisable#2 Augmenter le d\u00e9ploiement des d\u00e9chets alimentaires et de jardin#3 Faire des \u00e9v\u00e8nements Z\u00e9ro D\u00e9chet<\/p>\n","protected":false},"author":7,"featured_media":0,"comment_status":"open","ping_status":"open","sticky":false,"template":"","format":"standard","meta":{"_EventAllDay":false,"_EventTimezone":"","_EventStartDate":"","_EventEndDate":"","_EventStartDateUTC":"","_EventEndDateUTC":"","_EventShowMap":false,"_EventShowMapLink":false,"_EventURL":"","_EventCost":"","_EventCostDescription":"","_EventCurrencySymbol":"","_EventCurrencyCode":"","_EventCurrencyPosition":"","_EventDateTimeSeparator":"","_EventTimeRangeSeparator":"","_EventOrganizerID":[],"_EventVenueID":0,"_OrganizerEmail":"","_OrganizerPhone":"","_OrganizerWebsite":"","_VenueAddress":"","_VenueCity":"","_VenueCountry":"","_VenueProvince":"","_VenueZip":"","_VenuePhone":"","_VenueURL":"","_VenueStateProvince":"","_VenueLat":"","_VenueLng":""},"categories":[7],"tags":[],"_links":{"self":[{"href":"http:\/\/www.zerodechetvienne.fr\/index.php\/wp-json\/wp\/v2\/posts\/3196"}],"collection":[{"href":"http:\/\/www.zerodechetvienne.fr\/index.php\/wp-json\/wp\/v2\/posts"}],"about":[{"href":"http:\/\/www.zerodechetvienne.fr\/index.php\/wp-json\/wp\/v2\/types\/post"}],"author":[{"embeddable":true,"href":"http:\/\/www.zerodechetvienne.fr\/index.php\/wp-json\/wp\/v2\/users\/7"}],"replies":[{"embeddable":true,"href":"http:\/\/www.zerodechetvienne.fr\/index.php\/wp-json\/wp\/v2\/comments?post=3196"}],"version-history":[{"count":1,"href":"http:\/\/www.zerodechetvienne.fr\/index.php\/wp-json\/wp\/v2\/posts\/3196\/revisions"}],"predecessor-version":[{"id":3197,"href":"http:\/\/www.zerodechetvienne.fr\/index.php\/wp-json\/wp\/v2\/posts\/3196\/revisions\/3197"}],"wp:attachment":[{"href":"http:\/\/www.zerodechetvienne.fr\/index.php\/wp-json\/wp\/v2\/media?parent=3196"}],"wp:term":[{"taxonomy":"category","embeddable":true,"href":"http:\/\/www.zerodechetvienne.fr\/index.php\/wp-json\/wp\/v2\/categories?post=3196"},{"taxonomy":"post_tag","embeddable":true,"href":"http:\/\/www.zerodechetvienne.fr\/index.php\/wp-json\/wp\/v2\/tags?post=3196"}],"curies":[{"name":"wp","href":"https:\/\/api.w.org\/{rel}","templated":true}]}}