{"id":368,"date":"2019-12-12T14:27:03","date_gmt":"2019-12-12T13:27:03","guid":{"rendered":"http:\/\/tofkoce.cluster029.hosting.ovh.net\/?p=368"},"modified":"2022-05-09T09:59:57","modified_gmt":"2022-05-09T07:59:57","slug":"gestion-des-dechets-nos-propositions-pour-les-municipales","status":"publish","type":"post","link":"http:\/\/www.zerodechetvienne.fr\/index.php\/2019\/12\/12\/gestion-des-dechets-nos-propositions-pour-les-municipales\/","title":{"rendered":"Gestion des d\u00e9chets &#x1f5d1; : nos propositions pour les municipales"},"content":{"rendered":"\n<div style=\"height:55px\" aria-hidden=\"true\" class=\"wp-block-spacer\"><\/div>\n\n\n\n<p>A la vue des futures \u00e9lections municipales, z\u00e9ro d\u00e9chet Vienne a souhait\u00e9 adresser quelques propositions aux listes candidates visant \u00e0 am\u00e9liorer la gestion des d\u00e9chets , car ce sont bien nos \u00e9lus locaux et municipaux qui agissent en terme de gestion des d\u00e9chets via leur repr\u00e9sentation au sein de l&#8217;intercommunalit\u00e9 Vienne Condrieu Agglom\u00e9ration.<\/p>\n\n\n\n<p>Inspir\u00e9 du guide pratique de Zero Waste France, mais aussi des bonnes pratiques observ\u00e9es en France et \u00e0 l&#8217;\u00e9tranger ou mises en \u0153uvre et report\u00e9es par l&#8217;Ademe, ces propositions visent \u00e0 sensibiliser \u00e0 la fois les candidats et futurs \u00e9lus, mais aussi tout citoyen, sur les questions de gestion des d\u00e9chets du territoire, d&#8217;emploi raisonn\u00e9 des ressources et de diminution de nos d\u00e9chets. Elles sont d\u00e9clin\u00e9es selon 5 grands th\u00e8mes&nbsp;: l&#8217;\u00e9conomie circulaire, la r\u00e9duction du plastique, la gestion des emballages en verre, les biod\u00e9chets et la sensibilisation.<\/p>\n\n\n\n<p>&#8220;<em>Nous avons souhait\u00e9 r\u00e9aliser deux documents<\/em><em>&nbsp;: un document court, accessible rapidement au plus grand nombre, pr\u00e9sentant la d\u00e9marche et quelques id\u00e9es phares, ainsi qu&#8217;un document plus long dans lequel l&#8217;ensemble des propositions aux listes candidates sont pr\u00e9sent\u00e9es, afin que les candidats puissent s&#8217;en inspirer<\/em>&#8221; expliquent Marion, Bruce et \u00c9milie les membres de l&#8217;association \u00e0 l&#8217;origine de cette d\u00e9marche.<\/p>\n\n\n\n<p>Ces documents sont consultables par tous via les liens ci dessous.<\/p>\n\n\n\n<div class=\"wp-block-file\"><a href=\"http:\/\/tofkoce.cluster029.hosting.ovh.net\/wp-content\/uploads\/2019\/12\/Proposition-doc-court-pour-30.11-v2.pdf\">Proposition-doc-court-pour-30.11-v2<\/a><a href=\"http:\/\/tofkoce.cluster029.hosting.ovh.net\/wp-content\/uploads\/2019\/12\/Proposition-doc-court-pour-30.11-v2.pdf\" class=\"wp-block-file__button\" download>\u261e T\u00e9l\u00e9charger<\/a><\/div>\n\n\n\n<div class=\"wp-block-file\"><a href=\"http:\/\/tofkoce.cluster029.hosting.ovh.net\/wp-content\/uploads\/2019\/12\/Manifeste-long-vfinale.pdf\">Manifeste-long-vfinale<\/a><a href=\"http:\/\/tofkoce.cluster029.hosting.ovh.net\/wp-content\/uploads\/2019\/12\/Manifeste-long-vfinale.pdf\" class=\"wp-block-file__button\" download>\u261e T\u00e9l\u00e9charger<\/a><\/div>\n\n\n\n<div class=\"wp-block-image\"><figure class=\"aligncenter size-large\"><img loading=\"lazy\" width=\"724\" height=\"1024\" src=\"http:\/\/tofkoce.cluster029.hosting.ovh.net\/wp-content\/uploads\/2019\/12\/Proposition-doc-court-pour-30.11-v2-724x1024.jpg\" alt=\"\" class=\"wp-image-371\" srcset=\"http:\/\/www.zerodechetvienne.fr\/wp-content\/uploads\/2019\/12\/Proposition-doc-court-pour-30.11-v2-724x1024.jpg 724w, http:\/\/www.zerodechetvienne.fr\/wp-content\/uploads\/2019\/12\/Proposition-doc-court-pour-30.11-v2-212x300.jpg 212w, http:\/\/www.zerodechetvienne.fr\/wp-content\/uploads\/2019\/12\/Proposition-doc-court-pour-30.11-v2-768x1086.jpg 768w, http:\/\/www.zerodechetvienne.fr\/wp-content\/uploads\/2019\/12\/Proposition-doc-court-pour-30.11-v2-1086x1536.jpg 1086w, http:\/\/www.zerodechetvienne.fr\/wp-content\/uploads\/2019\/12\/Proposition-doc-court-pour-30.11-v2-1200x1697.jpg 1200w, http:\/\/www.zerodechetvienne.fr\/wp-content\/uploads\/2019\/12\/Proposition-doc-court-pour-30.11-v2.jpg 1240w\" sizes=\"(max-width: 724px) 100vw, 724px\" \/><figcaption>Doc court page 1<\/figcaption><\/figure><\/div>\n\n\n\n<div class=\"wp-block-image\"><figure class=\"aligncenter size-large\"><img loading=\"lazy\" width=\"724\" height=\"1024\" src=\"http:\/\/tofkoce.cluster029.hosting.ovh.net\/wp-content\/uploads\/2019\/12\/Proposition-doc-court-pour-30.11-v3-724x1024.jpg\" alt=\"\" class=\"wp-image-372\" srcset=\"http:\/\/www.zerodechetvienne.fr\/wp-content\/uploads\/2019\/12\/Proposition-doc-court-pour-30.11-v3-724x1024.jpg 724w, http:\/\/www.zerodechetvienne.fr\/wp-content\/uploads\/2019\/12\/Proposition-doc-court-pour-30.11-v3-212x300.jpg 212w, http:\/\/www.zerodechetvienne.fr\/wp-content\/uploads\/2019\/12\/Proposition-doc-court-pour-30.11-v3-768x1086.jpg 768w, http:\/\/www.zerodechetvienne.fr\/wp-content\/uploads\/2019\/12\/Proposition-doc-court-pour-30.11-v3-1086x1536.jpg 1086w, http:\/\/www.zerodechetvienne.fr\/wp-content\/uploads\/2019\/12\/Proposition-doc-court-pour-30.11-v3-1200x1697.jpg 1200w, http:\/\/www.zerodechetvienne.fr\/wp-content\/uploads\/2019\/12\/Proposition-doc-court-pour-30.11-v3.jpg 1240w\" sizes=\"(max-width: 724px) 100vw, 724px\" \/><figcaption>Doc court page 2<\/figcaption><\/figure><\/div>\n\n\n\n<p>N&#8217;h\u00e9sitez pas \u00e0 en parler autour de vous et \u00e0 nous faire part de vos retours quant \u00e0 cette d\u00e9marche !<\/p>\n\n\n\n<div class=\"wp-block-button aligncenter\"><a class=\"wp-block-button__link\" href=\"mailto:zerodechetvienne38@gmail.com\">\u261e Nous contacter<\/a><\/div>\n","protected":false},"excerpt":{"rendered":"<p>A la vue des futures \u00e9lections municipales, z\u00e9ro d\u00e9chet Vienne a souhait\u00e9 adresser quelques propositions aux listes candidates visant \u00e0 am\u00e9liorer la gestion des d\u00e9chets , car ce sont bien nos \u00e9lus locaux et municipaux qui agissent en terme de<\/p>\n","protected":false},"author":5,"featured_media":0,"comment_status":"open","ping_status":"open","sticky":false,"template":"","format":"standard","meta":{"_EventAllDay":false,"_EventTimezone":"","_EventStartDate":"","_EventEndDate":"","_EventStartDateUTC":"","_EventEndDateUTC":"","_EventShowMap":false,"_EventShowMapLink":false,"_EventURL":"","_EventCost":"","_EventCostDescription":"","_EventCurrencySymbol":"","_EventCurrencyCode":"","_EventCurrencyPosition":"","_EventDateTimeSeparator":"","_EventTimeRangeSeparator":"","_EventOrganizerID":[],"_EventVenueID":0,"_OrganizerEmail":"","_OrganizerPhone":"","_OrganizerWebsite":"","_VenueAddress":"","_VenueCity":"","_VenueCountry":"","_VenueProvince":"","_VenueZip":"","_VenuePhone":"","_VenueURL":"","_VenueStateProvince":"","_VenueLat":"","_VenueLng":""},"categories":[7],"tags":[],"_links":{"self":[{"href":"http:\/\/www.zerodechetvienne.fr\/index.php\/wp-json\/wp\/v2\/posts\/368"}],"collection":[{"href":"http:\/\/www.zerodechetvienne.fr\/index.php\/wp-json\/wp\/v2\/posts"}],"about":[{"href":"http:\/\/www.zerodechetvienne.fr\/index.php\/wp-json\/wp\/v2\/types\/post"}],"author":[{"embeddable":true,"href":"http:\/\/www.zerodechetvienne.fr\/index.php\/wp-json\/wp\/v2\/users\/5"}],"replies":[{"embeddable":true,"href":"http:\/\/www.zerodechetvienne.fr\/index.php\/wp-json\/wp\/v2\/comments?post=368"}],"version-history":[{"count":4,"href":"http:\/\/www.zerodechetvienne.fr\/index.php\/wp-json\/wp\/v2\/posts\/368\/revisions"}],"predecessor-version":[{"id":1402,"href":"http:\/\/www.zerodechetvienne.fr\/index.php\/wp-json\/wp\/v2\/posts\/368\/revisions\/1402"}],"wp:attachment":[{"href":"http:\/\/www.zerodechetvienne.fr\/index.php\/wp-json\/wp\/v2\/media?parent=368"}],"wp:term":[{"taxonomy":"category","embeddable":true,"href":"http:\/\/www.zerodechetvienne.fr\/index.php\/wp-json\/wp\/v2\/categories?post=368"},{"taxonomy":"post_tag","embeddable":true,"href":"http:\/\/www.zerodechetvienne.fr\/index.php\/wp-json\/wp\/v2\/tags?post=368"}],"curies":[{"name":"wp","href":"https:\/\/api.w.org\/{rel}","templated":true}]}}