{"id":398,"date":"2020-01-13T16:29:00","date_gmt":"2020-01-13T15:29:00","guid":{"rendered":"http:\/\/tofkoce.cluster029.hosting.ovh.net\/?p=398"},"modified":"2020-11-08T21:16:17","modified_gmt":"2020-11-08T20:16:17","slug":"apero-echanges-hygiene-feminine-et-zero-dechet","status":"publish","type":"post","link":"http:\/\/www.zerodechetvienne.fr\/index.php\/2020\/01\/13\/apero-echanges-hygiene-feminine-et-zero-dechet\/","title":{"rendered":"2020-01-13 | AP\u00c9RO&#x1f379;: \u00e9changes &#8211;  hygi\u00e8ne f\u00e9minine et z\u00e9ro d\u00e9chet"},"content":{"rendered":"\n<div class=\"wp-block-image\"><figure class=\"aligncenter size-large is-resized\"><img loading=\"lazy\" src=\"https:\/\/scontent-cdg2-1.xx.fbcdn.net\/v\/t1.0-0\/p640x640\/80816063_445598839378665_4139082316985139200_o.jpg?_nc_cat=107&amp;_nc_ohc=9_wRHi7GS-UAQkXoMuv4OKkgeQnPAZop-pxLAEM528okBPGzkARdihLEg&amp;_nc_ht=scontent-cdg2-1.xx&amp;oh=361fe95574b0e9ca5170e906679ca6a6&amp;oe=5E69D146\" alt=\"\" width=\"240\" height=\"160\"\/><\/figure><\/div>\n\n\n\n<div style=\"height:33px\" aria-hidden=\"true\" class=\"wp-block-spacer\"><\/div>\n\n\n\n<p class=\"has-text-align-center has-medium-font-size\"><strong>Date <\/strong>: 13 janvier 2020<\/p>\n\n\n\n<p class=\"has-text-align-center\">19h15 &#8211; 21h<\/p>\n\n\n\n<div style=\"height:50px\" aria-hidden=\"true\" class=\"wp-block-spacer\"><\/div>\n\n\n\n<p class=\"has-text-align-center has-medium-font-size\"><strong>Lieu<\/strong> : MJC de Vienne<\/p>\n\n\n\n<p class=\"has-text-align-center\">2 rue Laurent Florentin, 38200 Vienne<\/p>\n\n\n\n<div style=\"height:55px\" aria-hidden=\"true\" class=\"wp-block-spacer\"><\/div>\n\n\n\n<p class=\"has-text-align-center\"><strong>Places limit\u00e9es<\/strong>, sur inscription :<\/p>\n\n\n\n<div class=\"wp-block-button aligncenter\"><a class=\"wp-block-button__link\" href=\"https:\/\/www.helloasso.com\/associations\/zero-dechet-vienne\/evenements\/apero-echange-hygiene-feminine-et-zd\" target=\"_blank\" rel=\"noreferrer noopener\">\u261e Je participe<\/a><\/div>\n\n\n\n<div style=\"height:55px\" aria-hidden=\"true\" class=\"wp-block-spacer\"><\/div>\n","protected":false},"excerpt":{"rendered":"<p>Date : 13 janvier 2020 19h15 &#8211; 21h Lieu : MJC de Vienne 2 rue Laurent Florentin, 38200 Vienne Places limit\u00e9es, sur inscription :<\/p>\n","protected":false},"author":5,"featured_media":0,"comment_status":"open","ping_status":"open","sticky":false,"template":"","format":"standard","meta":{"_EventAllDay":false,"_EventTimezone":"","_EventStartDate":"","_EventEndDate":"","_EventStartDateUTC":"","_EventEndDateUTC":"","_EventShowMap":false,"_EventShowMapLink":false,"_EventURL":"","_EventCost":"","_EventCostDescription":"","_EventCurrencySymbol":"","_EventCurrencyCode":"","_EventCurrencyPosition":"","_EventDateTimeSeparator":"","_EventTimeRangeSeparator":"","_EventOrganizerID":[],"_EventVenueID":0,"_OrganizerEmail":"","_OrganizerPhone":"","_OrganizerWebsite":"","_VenueAddress":"","_VenueCity":"","_VenueCountry":"","_VenueProvince":"","_VenueZip":"","_VenuePhone":"","_VenueURL":"","_VenueStateProvince":"","_VenueLat":"","_VenueLng":""},"categories":[7],"tags":[],"_links":{"self":[{"href":"http:\/\/www.zerodechetvienne.fr\/index.php\/wp-json\/wp\/v2\/posts\/398"}],"collection":[{"href":"http:\/\/www.zerodechetvienne.fr\/index.php\/wp-json\/wp\/v2\/posts"}],"about":[{"href":"http:\/\/www.zerodechetvienne.fr\/index.php\/wp-json\/wp\/v2\/types\/post"}],"author":[{"embeddable":true,"href":"http:\/\/www.zerodechetvienne.fr\/index.php\/wp-json\/wp\/v2\/users\/5"}],"replies":[{"embeddable":true,"href":"http:\/\/www.zerodechetvienne.fr\/index.php\/wp-json\/wp\/v2\/comments?post=398"}],"version-history":[{"count":9,"href":"http:\/\/www.zerodechetvienne.fr\/index.php\/wp-json\/wp\/v2\/posts\/398\/revisions"}],"predecessor-version":[{"id":755,"href":"http:\/\/www.zerodechetvienne.fr\/index.php\/wp-json\/wp\/v2\/posts\/398\/revisions\/755"}],"wp:attachment":[{"href":"http:\/\/www.zerodechetvienne.fr\/index.php\/wp-json\/wp\/v2\/media?parent=398"}],"wp:term":[{"taxonomy":"category","embeddable":true,"href":"http:\/\/www.zerodechetvienne.fr\/index.php\/wp-json\/wp\/v2\/categories?post=398"},{"taxonomy":"post_tag","embeddable":true,"href":"http:\/\/www.zerodechetvienne.fr\/index.php\/wp-json\/wp\/v2\/tags?post=398"}],"curies":[{"name":"wp","href":"https:\/\/api.w.org\/{rel}","templated":true}]}}