{"id":448,"date":"2020-01-24T00:18:00","date_gmt":"2020-01-23T23:18:00","guid":{"rendered":"http:\/\/tofkoce.cluster029.hosting.ovh.net\/?p=448"},"modified":"2020-11-08T21:17:15","modified_gmt":"2020-11-08T20:17:15","slug":"intervention-de-nos-benevoles-a-moras-en-valloire","status":"publish","type":"post","link":"http:\/\/www.zerodechetvienne.fr\/index.php\/2020\/01\/24\/intervention-de-nos-benevoles-a-moras-en-valloire\/","title":{"rendered":"2020-01-24 | Intervention de nos b\u00e9n\u00e9voles \u00e0 Moras-en-Valloire"},"content":{"rendered":"\n<p class=\"has-medium-font-size\">Vendredi 24 janvier, pour terminer la journ\u00e9e organis\u00e9e par Valloire Loisirs autour du z\u00e9ro d\u00e9chet, C\u00e9line, Pauline et Emilie sont intervenues pour donner des informations sur la gestion des d\u00e9chets de mani\u00e8re g\u00e9n\u00e9rale et en particulier sur le territoire de Moras-en-Valloire. <\/p>\n\n\n\n<p class=\"has-medium-font-size\">L&#8217;accueil a \u00e9t\u00e9 chaleureux et de nombreuses questions ont \u00e9t\u00e9 pos\u00e9es en fin d&#8217;intervention. <\/p>\n\n\n\n<p class=\"has-medium-font-size\">Merci \u00e0 Valloire Loisirs.<\/p>\n\n\n\n<figure class=\"wp-block-image size-large\"><img src=\"http:\/\/tofkoce.cluster029.hosting.ovh.net\/wp-content\/uploads\/2020\/01\/20200124_213202-1024x498.jpg\" alt=\"\" class=\"wp-image-450\"\/><\/figure>\n\n\n\n<figure class=\"wp-block-image size-large\"><img src=\"http:\/\/tofkoce.cluster029.hosting.ovh.net\/wp-content\/uploads\/2020\/01\/image1-1024x768.jpeg\" alt=\"\" class=\"wp-image-451\"\/><\/figure>\n\n\n\n<figure class=\"wp-block-image size-large\"><img src=\"http:\/\/tofkoce.cluster029.hosting.ovh.net\/wp-content\/uploads\/2020\/01\/image2-1024x768.jpeg\" alt=\"\" class=\"wp-image-452\"\/><\/figure>\n","protected":false},"excerpt":{"rendered":"<p>Vendredi 24 janvier, pour terminer la journ\u00e9e organis\u00e9e par Valloire Loisirs autour du z\u00e9ro d\u00e9chet, C\u00e9line, Pauline et Emilie sont intervenues pour donner des informations sur la gestion des d\u00e9chets de mani\u00e8re g\u00e9n\u00e9rale et en particulier sur le territoire de<\/p>\n","protected":false},"author":5,"featured_media":0,"comment_status":"open","ping_status":"open","sticky":false,"template":"","format":"standard","meta":{"_EventAllDay":false,"_EventTimezone":"","_EventStartDate":"","_EventEndDate":"","_EventStartDateUTC":"","_EventEndDateUTC":"","_EventShowMap":false,"_EventShowMapLink":false,"_EventURL":"","_EventCost":"","_EventCostDescription":"","_EventCurrencySymbol":"","_EventCurrencyCode":"","_EventCurrencyPosition":"","_EventDateTimeSeparator":"","_EventTimeRangeSeparator":"","_EventOrganizerID":[],"_EventVenueID":0,"_OrganizerEmail":"","_OrganizerPhone":"","_OrganizerWebsite":"","_VenueAddress":"","_VenueCity":"","_VenueCountry":"","_VenueProvince":"","_VenueZip":"","_VenuePhone":"","_VenueURL":"","_VenueStateProvince":"","_VenueLat":"","_VenueLng":""},"categories":[7],"tags":[],"_links":{"self":[{"href":"http:\/\/www.zerodechetvienne.fr\/index.php\/wp-json\/wp\/v2\/posts\/448"}],"collection":[{"href":"http:\/\/www.zerodechetvienne.fr\/index.php\/wp-json\/wp\/v2\/posts"}],"about":[{"href":"http:\/\/www.zerodechetvienne.fr\/index.php\/wp-json\/wp\/v2\/types\/post"}],"author":[{"embeddable":true,"href":"http:\/\/www.zerodechetvienne.fr\/index.php\/wp-json\/wp\/v2\/users\/5"}],"replies":[{"embeddable":true,"href":"http:\/\/www.zerodechetvienne.fr\/index.php\/wp-json\/wp\/v2\/comments?post=448"}],"version-history":[{"count":3,"href":"http:\/\/www.zerodechetvienne.fr\/index.php\/wp-json\/wp\/v2\/posts\/448\/revisions"}],"predecessor-version":[{"id":756,"href":"http:\/\/www.zerodechetvienne.fr\/index.php\/wp-json\/wp\/v2\/posts\/448\/revisions\/756"}],"wp:attachment":[{"href":"http:\/\/www.zerodechetvienne.fr\/index.php\/wp-json\/wp\/v2\/media?parent=448"}],"wp:term":[{"taxonomy":"category","embeddable":true,"href":"http:\/\/www.zerodechetvienne.fr\/index.php\/wp-json\/wp\/v2\/categories?post=448"},{"taxonomy":"post_tag","embeddable":true,"href":"http:\/\/www.zerodechetvienne.fr\/index.php\/wp-json\/wp\/v2\/tags?post=448"}],"curies":[{"name":"wp","href":"https:\/\/api.w.org\/{rel}","templated":true}]}}