{"id":746,"date":"2019-11-24T21:02:00","date_gmt":"2019-11-24T20:02:00","guid":{"rendered":"http:\/\/tofkoce.cluster029.hosting.ovh.net\/?p=746"},"modified":"2020-11-08T21:05:26","modified_gmt":"2020-11-08T20:05:26","slug":"2019-11-24-apero-brunch-zero-dechet-echanges-semaine-europeenne-reduction-des-dechets-vienne-38","status":"publish","type":"post","link":"http:\/\/www.zerodechetvienne.fr\/index.php\/2019\/11\/24\/2019-11-24-apero-brunch-zero-dechet-echanges-semaine-europeenne-reduction-des-dechets-vienne-38\/","title":{"rendered":"2019-11-24 | APERO Brunch Zero D\u00e9chet &#8211; Echanges Semaine Europ\u00e9enne R\u00e9duction des D\u00e9chets &#8211; Vienne (38)"},"content":{"rendered":"\n<p> Brunch dimanche 24 novembre 2019 &#8211; 11h-13h en salle Dauphin\u00e9 \u00e0 la Mairie de Vienne(38) pour tous les adh\u00e9rents de Z\u00e9ro D\u00e9chets Vienne.<\/p>\n\n\n\n<p>Pour \u00e9changer sur la r\u00e9duction des d\u00e9chets et pour r\u00e9colter des id\u00e9es pour les prochains ateliers.<\/p>\n","protected":false},"excerpt":{"rendered":"<p>Brunch dimanche 24 novembre 2019 &#8211; 11h-13h en salle Dauphin\u00e9 \u00e0 la Mairie de Vienne(38) pour tous les adh\u00e9rents de Z\u00e9ro D\u00e9chets Vienne. Pour \u00e9changer sur la r\u00e9duction des d\u00e9chets et pour r\u00e9colter des id\u00e9es pour les prochains ateliers.<\/p>\n","protected":false},"author":4,"featured_media":0,"comment_status":"open","ping_status":"open","sticky":false,"template":"","format":"standard","meta":{"_EventAllDay":false,"_EventTimezone":"","_EventStartDate":"","_EventEndDate":"","_EventStartDateUTC":"","_EventEndDateUTC":"","_EventShowMap":false,"_EventShowMapLink":false,"_EventURL":"","_EventCost":"","_EventCostDescription":"","_EventCurrencySymbol":"","_EventCurrencyCode":"","_EventCurrencyPosition":"","_EventDateTimeSeparator":"","_EventTimeRangeSeparator":"","_EventOrganizerID":[],"_EventVenueID":0,"_OrganizerEmail":"","_OrganizerPhone":"","_OrganizerWebsite":"","_VenueAddress":"","_VenueCity":"","_VenueCountry":"","_VenueProvince":"","_VenueZip":"","_VenuePhone":"","_VenueURL":"","_VenueStateProvince":"","_VenueLat":"","_VenueLng":""},"categories":[7],"tags":[],"_links":{"self":[{"href":"http:\/\/www.zerodechetvienne.fr\/index.php\/wp-json\/wp\/v2\/posts\/746"}],"collection":[{"href":"http:\/\/www.zerodechetvienne.fr\/index.php\/wp-json\/wp\/v2\/posts"}],"about":[{"href":"http:\/\/www.zerodechetvienne.fr\/index.php\/wp-json\/wp\/v2\/types\/post"}],"author":[{"embeddable":true,"href":"http:\/\/www.zerodechetvienne.fr\/index.php\/wp-json\/wp\/v2\/users\/4"}],"replies":[{"embeddable":true,"href":"http:\/\/www.zerodechetvienne.fr\/index.php\/wp-json\/wp\/v2\/comments?post=746"}],"version-history":[{"count":1,"href":"http:\/\/www.zerodechetvienne.fr\/index.php\/wp-json\/wp\/v2\/posts\/746\/revisions"}],"predecessor-version":[{"id":747,"href":"http:\/\/www.zerodechetvienne.fr\/index.php\/wp-json\/wp\/v2\/posts\/746\/revisions\/747"}],"wp:attachment":[{"href":"http:\/\/www.zerodechetvienne.fr\/index.php\/wp-json\/wp\/v2\/media?parent=746"}],"wp:term":[{"taxonomy":"category","embeddable":true,"href":"http:\/\/www.zerodechetvienne.fr\/index.php\/wp-json\/wp\/v2\/categories?post=746"},{"taxonomy":"post_tag","embeddable":true,"href":"http:\/\/www.zerodechetvienne.fr\/index.php\/wp-json\/wp\/v2\/tags?post=746"}],"curies":[{"name":"wp","href":"https:\/\/api.w.org\/{rel}","templated":true}]}}